{"id":8224,"date":"2025-06-02T10:10:46","date_gmt":"2025-06-02T16:10:46","guid":{"rendered":"https:\/\/distrito.mx\/?p=8224"},"modified":"2025-06-02T10:10:47","modified_gmt":"2025-06-02T16:10:47","slug":"amlo-reaparece-en-palenque-para-participar-en-historica-eleccion-judicial","status":"publish","type":"post","link":"https:\/\/distrito.mx\/?p=8224","title":{"rendered":"AMLO reaparece en Palenque para participar en hist\u00f3rica elecci\u00f3n judicial"},"content":{"rendered":"\n<p class=\"wp-block-paragraph\">A ocho meses de dejar la Presidencia, Andr\u00e9s Manuel L\u00f3pez Obrador reapareci\u00f3 p\u00fablicamente este domingo en Palenque, Chiapas, para ejercer su derecho al voto en la primera elecci\u00f3n directa de jueces, magistrados y ministros del Poder Judicial.<\/p>\n\n\n\n<p class=\"wp-block-paragraph\">El exmandatario acudi\u00f3 solo a la casilla ubicada en el parque central del municipio chiapaneco, donde permaneci\u00f3 alrededor de 10 minutos mientras emit\u00eda su voto. Tras mantenerse alejado de la vida p\u00fablica desde octubre de 2024, su presencia en las urnas cobr\u00f3 un significado especial, al tratarse del principal impulsor de la reforma judicial que dio origen a esta in\u00e9dita elecci\u00f3n ciudadana.<\/p>\n\n\n\n<p class=\"wp-block-paragraph\">Durante su breve interacci\u00f3n con los medios y simpatizantes que lo reconocieron, Andr\u00e9s Manuel L\u00f3pez Obrador expres\u00f3 sentirse bien de salud y revel\u00f3 que ha dedicado su tiempo a la escritura de un nuevo libro centrado en la riqueza cultural de M\u00e9xico, el cual planea presentar a finales del a\u00f1o.<\/p>\n\n\n\n<p class=\"wp-block-paragraph\">Su aparici\u00f3n tambi\u00e9n coincidi\u00f3 con muestras de apoyo hacia la actual presidenta Claudia Sheinbaum, a quien describi\u00f3 como una l\u00edder excepcional. Por su parte, Claudia Sheinbaum hab\u00eda confirmado en d\u00edas recientes que no manten\u00eda contacto directo con el expresidente, aunque asegur\u00f3 que se encontraba bien.<\/p>\n\n\n\n<p class=\"wp-block-paragraph\">Esta elecci\u00f3n representa un momento hist\u00f3rico para el pa\u00eds, ya que por primera vez cerca de 100 millones de ciudadanos est\u00e1n convocados para elegir directamente a 881 funcionarios del Poder Judicial, entre ellos ministros de la Suprema Corte, magistrados electorales, jueces de distrito y magistrados de circuito.<\/p>\n","protected":false},"excerpt":{"rendered":"<p>A ocho meses de dejar la Presidencia, Andr\u00e9s Manuel L\u00f3pez Obrador reapareci\u00f3 p\u00fablicamente este domingo en Palenque, Chiapas, para ejercer su derecho al voto en la primera elecci\u00f3n directa de jueces, magistrados y ministros del Poder Judicial. El exmandatario acudi\u00f3 solo a la casilla ubicada en el parque central del municipio chiapaneco, donde permaneci\u00f3 alrededor [&hellip;]<\/p>\n","protected":false},"author":2,"featured_media":8222,"comment_status":"open","ping_status":"open","sticky":false,"template":"","format":"standard","meta":{"footnotes":""},"categories":[22],"tags":[],"class_list":["post-8224","post","type-post","status-publish","format-standard","has-post-thumbnail","hentry","category-nacional"],"_links":{"self":[{"href":"https:\/\/distrito.mx\/index.php?rest_route=\/wp\/v2\/posts\/8224","targetHints":{"allow":["GET"]}}],"collection":[{"href":"https:\/\/distrito.mx\/index.php?rest_route=\/wp\/v2\/posts"}],"about":[{"href":"https:\/\/distrito.mx\/index.php?rest_route=\/wp\/v2\/types\/post"}],"author":[{"embeddable":true,"href":"https:\/\/distrito.mx\/index.php?rest_route=\/wp\/v2\/users\/2"}],"replies":[{"embeddable":true,"href":"https:\/\/distrito.mx\/index.php?rest_route=%2Fwp%2Fv2%2Fcomments&post=8224"}],"version-history":[{"count":1,"href":"https:\/\/distrito.mx\/index.php?rest_route=\/wp\/v2\/posts\/8224\/revisions"}],"predecessor-version":[{"id":8225,"href":"https:\/\/distrito.mx\/index.php?rest_route=\/wp\/v2\/posts\/8224\/revisions\/8225"}],"wp:featuredmedia":[{"embeddable":true,"href":"https:\/\/distrito.mx\/index.php?rest_route=\/wp\/v2\/media\/8222"}],"wp:attachment":[{"href":"https:\/\/distrito.mx\/index.php?rest_route=%2Fwp%2Fv2%2Fmedia&parent=8224"}],"wp:term":[{"taxonomy":"category","embeddable":true,"href":"https:\/\/distrito.mx\/index.php?rest_route=%2Fwp%2Fv2%2Fcategories&post=8224"},{"taxonomy":"post_tag","embeddable":true,"href":"https:\/\/distrito.mx\/index.php?rest_route=%2Fwp%2Fv2%2Ftags&post=8224"}],"curies":[{"name":"wp","href":"https:\/\/api.w.org\/{rel}","templated":true}]}}