{"id":8227,"date":"2025-06-02T15:30:00","date_gmt":"2025-06-02T21:30:00","guid":{"rendered":"https:\/\/distrito.mx\/?p=8227"},"modified":"2025-06-02T12:39:33","modified_gmt":"2025-06-02T18:39:33","slug":"joven-de-escobedo-presenta-denuncia-contra-su-entrenador-de-tae-kwon-do-por-presunto-abuso","status":"publish","type":"post","link":"https:\/\/distrito.mx\/?p=8227","title":{"rendered":"Joven de Escobedo presenta denuncia contra su entrenador de Tae Kwon Do por presunto abuso"},"content":{"rendered":"\n<p class=\"wp-block-paragraph\">En el municipio de Escobedo, una joven present\u00f3 una denuncia contra su entrenador de Tae Kwon Do, Jorge &#8216;N&#8217;, por presuntas agresiones que habr\u00edan tenido lugar desde que ella ten\u00eda 11 hasta los 17 a\u00f1os. Seg\u00fan la denuncia, los hechos tuvieron lugar tanto en la escuela de artes marciales &#8216;Demac&#8217; como en su domicilio, donde el entrenador manten\u00eda una relaci\u00f3n sentimental con la madre de la joven. Las situaciones habr\u00edan comenzado con comentarios y actitudes indebidas que, con el tiempo, escalaron hasta convertirse en un abuso sexual.<\/p>\n\n\n\n<p class=\"wp-block-paragraph\">En abril de 2021, la joven interpuso una denuncia formal ante la Fiscal\u00eda General de Justicia de Nuevo Le\u00f3n, pero el avance del proceso legal ha sufrido varios retrasos. En los \u00faltimos dos a\u00f1os, la audiencia de imputaci\u00f3n ha sido pospuesta en varias ocasiones debido a argumentos como problemas de salud del acusado, fallas t\u00e9cnicas y modificaciones en su defensa, lo que ha provocado inquietud debido a la demora en el seguimiento del caso. Adem\u00e1s, la denunciante ha se\u00f1alado que las autoridades no han mostrado el compromiso necesario y que la forma en que se ha manejado el proceso le ha causado afectaciones adicionales.<\/p>\n\n\n\n<p class=\"wp-block-paragraph\">La joven mencion\u00f3 que el fiscal encargado admiti\u00f3 no haber examinado su expediente desde hace 8 meses y que, al consultar sobre la posibilidad de prisi\u00f3n preventiva, la respuesta se centr\u00f3 en considerar la situaci\u00f3n de la familia del acusado, lo que le gener\u00f3 una fuerte sensaci\u00f3n de injusticia. Aunque Jorge &#8216;N&#8217; fue removido por la Asociaci\u00f3n de Taekwondo de Nuevo Le\u00f3n, contin\u00faa impartiendo clases en un \u00e1rea cercana al domicilio de la joven, lo que genera preocupaci\u00f3n sobre la posibilidad de que otras personas puedan estar en riesgo o se sientan intimidadas para denunciar. La denunciante ha recibido mensajes de otras posibles v\u00edctimas, lo que incrementa su inquietud. <\/p>\n\n\n\n<p class=\"wp-block-paragraph\">Tambi\u00e9n afirma que el acusado ha sido visto rondando con frecuencia por su colonia, y que tanto \u00e9l como su familia muestran actitudes que considera agresivas, situaci\u00f3n que le impide sentirse segura. Ante este panorama, la joven solicita que se agilice el proceso judicial, se esclarezcan los hechos y se tomen medidas que garanticen la seguridad de la comunidad para evitar que situaciones similares contin\u00faen ocurriendo.<\/p>\n\n\n\n<p class=\"wp-block-paragraph\"><\/p>\n","protected":false},"excerpt":{"rendered":"<p>En el municipio de Escobedo, una joven present\u00f3 una denuncia contra su entrenador de Tae Kwon Do, Jorge &#8216;N&#8217;, por presuntas agresiones que habr\u00edan tenido lugar desde que ella ten\u00eda 11 hasta los 17 a\u00f1os. Seg\u00fan la denuncia, los hechos tuvieron lugar tanto en la escuela de artes marciales &#8216;Demac&#8217; como en su domicilio, donde [&hellip;]<\/p>\n","protected":false},"author":2,"featured_media":8230,"comment_status":"open","ping_status":"open","sticky":false,"template":"","format":"standard","meta":{"footnotes":""},"categories":[33],"tags":[],"class_list":["post-8227","post","type-post","status-publish","format-standard","has-post-thumbnail","hentry","category-nuevoleon"],"_links":{"self":[{"href":"https:\/\/distrito.mx\/index.php?rest_route=\/wp\/v2\/posts\/8227","targetHints":{"allow":["GET"]}}],"collection":[{"href":"https:\/\/distrito.mx\/index.php?rest_route=\/wp\/v2\/posts"}],"about":[{"href":"https:\/\/distrito.mx\/index.php?rest_route=\/wp\/v2\/types\/post"}],"author":[{"embeddable":true,"href":"https:\/\/distrito.mx\/index.php?rest_route=\/wp\/v2\/users\/2"}],"replies":[{"embeddable":true,"href":"https:\/\/distrito.mx\/index.php?rest_route=%2Fwp%2Fv2%2Fcomments&post=8227"}],"version-history":[{"count":1,"href":"https:\/\/distrito.mx\/index.php?rest_route=\/wp\/v2\/posts\/8227\/revisions"}],"predecessor-version":[{"id":8231,"href":"https:\/\/distrito.mx\/index.php?rest_route=\/wp\/v2\/posts\/8227\/revisions\/8231"}],"wp:featuredmedia":[{"embeddable":true,"href":"https:\/\/distrito.mx\/index.php?rest_route=\/wp\/v2\/media\/8230"}],"wp:attachment":[{"href":"https:\/\/distrito.mx\/index.php?rest_route=%2Fwp%2Fv2%2Fmedia&parent=8227"}],"wp:term":[{"taxonomy":"category","embeddable":true,"href":"https:\/\/distrito.mx\/index.php?rest_route=%2Fwp%2Fv2%2Fcategories&post=8227"},{"taxonomy":"post_tag","embeddable":true,"href":"https:\/\/distrito.mx\/index.php?rest_route=%2Fwp%2Fv2%2Ftags&post=8227"}],"curies":[{"name":"wp","href":"https:\/\/api.w.org\/{rel}","templated":true}]}}