{"id":8261,"date":"2025-06-03T17:30:00","date_gmt":"2025-06-03T23:30:00","guid":{"rendered":"https:\/\/distrito.mx\/?p=8261"},"modified":"2025-06-03T15:59:29","modified_gmt":"2025-06-03T21:59:29","slug":"fallece-bebe-de-7-dias-de-nacida-tras-accidente-en-carretera","status":"publish","type":"post","link":"https:\/\/distrito.mx\/?p=8261","title":{"rendered":"Fallece beb\u00e9 de 7 d\u00edas de nacida tras accidente en carretera"},"content":{"rendered":"\n<p class=\"wp-block-paragraph\">Una beb\u00e9 reci\u00e9n nacida perdi\u00f3 la vida tras resultar gravemente herida en un accidente vehicular ocurrido la noche del domingo en el municipio de G\u00f3mez Palacio, Durango. La menor, de apenas siete d\u00edas de nacida, viajaba en brazos de su madre al momento del percance. El siniestro ocurri\u00f3 cerca de las 23:30 horas en la carretera que conecta con el ejido El F\u00e9nix, a la altura de la empresa Kuingshin.<\/p>\n\n\n\n<p class=\"wp-block-paragraph\">Un veh\u00edculo Ford Focus negro, modelo 2010 y con placas del estado de Durango, se impact\u00f3 contra un mont\u00edculo de piedrilla ubicado en la orilla del camino, lo que provoc\u00f3 una colisi\u00f3n violenta. Claudia Flores, madre de la beb\u00e9, iba en el asiento del copiloto con la reci\u00e9n nacida en brazos al momento del impacto.<\/p>\n\n\n\n<p class=\"wp-block-paragraph\">La peque\u00f1a sufri\u00f3 lesiones severas por el impacto y fue trasladada de urgencia por elementos de Cruz Roja a la cl\u00ednica 51 del IMSS, donde m\u00e1s tarde se confirm\u00f3 su fallecimiento. El autom\u00f3vil era conducido por Alexis Geovanny, de 25 a\u00f1os, pareja de Claudia Karen y padre de la menor fallecida. En el asiento trasero del veh\u00edculo tambi\u00e9n se encontraba el hijo mayor de la pareja, un ni\u00f1o de cinco a\u00f1os, quien result\u00f3 ileso f\u00edsicamente pero fue atendido por una crisis nerviosa.<\/p>\n\n\n\n<p class=\"wp-block-paragraph\">Luego del accidente, agentes de Tr\u00e1nsito y Vialidad efectuaron el peritaje y trasladaron el veh\u00edculo al corral\u00f3n municipal. Personal de Medicina Forense y un agente del Ministerio P\u00fablico acudieron al hospital para certificar el deceso de la beb\u00e9 y ordenar el traslado del cuerpo al Servicio M\u00e9dico Forense (Semefo), donde se le practicar\u00e1 la necropsia para determinar con exactitud la causa de la muerte.<\/p>\n\n\n\n<p class=\"wp-block-paragraph\">Las autoridades contin\u00faan investigando para determinar responsabilidades y verificar si hubo fallas en la seguridad vial del tramo donde sucedi\u00f3 el accidente.<\/p>\n","protected":false},"excerpt":{"rendered":"<p>Una beb\u00e9 reci\u00e9n nacida perdi\u00f3 la vida tras resultar gravemente herida en un accidente vehicular ocurrido la noche del domingo en el municipio de G\u00f3mez Palacio, Durango. La menor, de apenas siete d\u00edas de nacida, viajaba en brazos de su madre al momento del percance. El siniestro ocurri\u00f3 cerca de las 23:30 horas en la [&hellip;]<\/p>\n","protected":false},"author":2,"featured_media":8262,"comment_status":"open","ping_status":"open","sticky":false,"template":"","format":"standard","meta":{"footnotes":""},"categories":[27],"tags":[],"class_list":["post-8261","post","type-post","status-publish","format-standard","has-post-thumbnail","hentry","category-estados"],"_links":{"self":[{"href":"https:\/\/distrito.mx\/index.php?rest_route=\/wp\/v2\/posts\/8261","targetHints":{"allow":["GET"]}}],"collection":[{"href":"https:\/\/distrito.mx\/index.php?rest_route=\/wp\/v2\/posts"}],"about":[{"href":"https:\/\/distrito.mx\/index.php?rest_route=\/wp\/v2\/types\/post"}],"author":[{"embeddable":true,"href":"https:\/\/distrito.mx\/index.php?rest_route=\/wp\/v2\/users\/2"}],"replies":[{"embeddable":true,"href":"https:\/\/distrito.mx\/index.php?rest_route=%2Fwp%2Fv2%2Fcomments&post=8261"}],"version-history":[{"count":1,"href":"https:\/\/distrito.mx\/index.php?rest_route=\/wp\/v2\/posts\/8261\/revisions"}],"predecessor-version":[{"id":8263,"href":"https:\/\/distrito.mx\/index.php?rest_route=\/wp\/v2\/posts\/8261\/revisions\/8263"}],"wp:featuredmedia":[{"embeddable":true,"href":"https:\/\/distrito.mx\/index.php?rest_route=\/wp\/v2\/media\/8262"}],"wp:attachment":[{"href":"https:\/\/distrito.mx\/index.php?rest_route=%2Fwp%2Fv2%2Fmedia&parent=8261"}],"wp:term":[{"taxonomy":"category","embeddable":true,"href":"https:\/\/distrito.mx\/index.php?rest_route=%2Fwp%2Fv2%2Fcategories&post=8261"},{"taxonomy":"post_tag","embeddable":true,"href":"https:\/\/distrito.mx\/index.php?rest_route=%2Fwp%2Fv2%2Ftags&post=8261"}],"curies":[{"name":"wp","href":"https:\/\/api.w.org\/{rel}","templated":true}]}}