{"id":8269,"date":"2025-06-03T23:30:00","date_gmt":"2025-06-04T05:30:00","guid":{"rendered":"https:\/\/distrito.mx\/?p=8269"},"modified":"2025-06-03T17:49:53","modified_gmt":"2025-06-03T23:49:53","slug":"detienen-a-hombre-en-gomez-palacio-por-amenazar-con-un-cuchillo-a-su-madre-de-70-anos","status":"publish","type":"post","link":"https:\/\/distrito.mx\/?p=8269","title":{"rendered":"Detienen a hombre en G\u00f3mez Palacio por amenazar con un cuchillo a su madre de 70 a\u00f1os"},"content":{"rendered":"\n<p class=\"wp-block-paragraph\">En su domicilio de la colonia L\u00e1zaro C\u00e1rdenas, en G\u00f3mez Palacio, Durango, una mujer de 70 a\u00f1os fue agredida violentamente por su hijo, quien la insult\u00f3, golpe\u00f3 y la amenaz\u00f3 de muerte con un cuchillo. El ataque ocurri\u00f3 la noche del lunes 2 de junio, luego de que la mujer llegara a su domicilio tras una jornada de trabajo y le reclamara al agresor una cantidad de dinero que le hab\u00eda dejado m\u00e1s temprano.<\/p>\n\n\n\n<p class=\"wp-block-paragraph\">El hombre, identificado como Jos\u00e9 Antonio, de 41 a\u00f1os, reaccion\u00f3 de forma agresiva al reclamo: la golpe\u00f3 en un brazo y, tras obligarla a salir de la vivienda, la amenaz\u00f3 coloc\u00e1ndole un cuchillo en el cuello. La mujer, presa del miedo, pidi\u00f3 auxilio a los vecinos, quienes r\u00e1pidamente llamaron a los servicios de emergencia. Elementos de la Direcci\u00f3n de Seguridad P\u00fablica Municipal acudieron al sitio y resguardaron a la mujer, quien sufri\u00f3 una crisis nerviosa.<\/p>\n\n\n\n<p class=\"wp-block-paragraph\">El detenido fue trasladado a los m\u00f3dulos de prisi\u00f3n preventiva y qued\u00f3 a disposici\u00f3n del Ministerio P\u00fablico. La mujer se\u00f1al\u00f3 que no era la primera vez que sufr\u00eda agresiones por parte de su hijo, lo que se integr\u00f3 a la denuncia. El caso se investiga bajo el delito de violencia familiar, sin descartar otros cargos conforme avancen las indagatorias. Las autoridades insistieron en la importancia de denunciar la violencia familiar para evitar que se presenten situaciones m\u00e1s graves.<\/p>\n","protected":false},"excerpt":{"rendered":"<p>En su domicilio de la colonia L\u00e1zaro C\u00e1rdenas, en G\u00f3mez Palacio, Durango, una mujer de 70 a\u00f1os fue agredida violentamente por su hijo, quien la insult\u00f3, golpe\u00f3 y la amenaz\u00f3 de muerte con un cuchillo. El ataque ocurri\u00f3 la noche del lunes 2 de junio, luego de que la mujer llegara a su domicilio tras [&hellip;]<\/p>\n","protected":false},"author":2,"featured_media":8270,"comment_status":"open","ping_status":"open","sticky":false,"template":"","format":"standard","meta":{"footnotes":""},"categories":[27],"tags":[],"class_list":["post-8269","post","type-post","status-publish","format-standard","has-post-thumbnail","hentry","category-estados"],"_links":{"self":[{"href":"https:\/\/distrito.mx\/index.php?rest_route=\/wp\/v2\/posts\/8269","targetHints":{"allow":["GET"]}}],"collection":[{"href":"https:\/\/distrito.mx\/index.php?rest_route=\/wp\/v2\/posts"}],"about":[{"href":"https:\/\/distrito.mx\/index.php?rest_route=\/wp\/v2\/types\/post"}],"author":[{"embeddable":true,"href":"https:\/\/distrito.mx\/index.php?rest_route=\/wp\/v2\/users\/2"}],"replies":[{"embeddable":true,"href":"https:\/\/distrito.mx\/index.php?rest_route=%2Fwp%2Fv2%2Fcomments&post=8269"}],"version-history":[{"count":1,"href":"https:\/\/distrito.mx\/index.php?rest_route=\/wp\/v2\/posts\/8269\/revisions"}],"predecessor-version":[{"id":8271,"href":"https:\/\/distrito.mx\/index.php?rest_route=\/wp\/v2\/posts\/8269\/revisions\/8271"}],"wp:featuredmedia":[{"embeddable":true,"href":"https:\/\/distrito.mx\/index.php?rest_route=\/wp\/v2\/media\/8270"}],"wp:attachment":[{"href":"https:\/\/distrito.mx\/index.php?rest_route=%2Fwp%2Fv2%2Fmedia&parent=8269"}],"wp:term":[{"taxonomy":"category","embeddable":true,"href":"https:\/\/distrito.mx\/index.php?rest_route=%2Fwp%2Fv2%2Fcategories&post=8269"},{"taxonomy":"post_tag","embeddable":true,"href":"https:\/\/distrito.mx\/index.php?rest_route=%2Fwp%2Fv2%2Ftags&post=8269"}],"curies":[{"name":"wp","href":"https:\/\/api.w.org\/{rel}","templated":true}]}}